{"id":20446,"date":"2025-08-12T16:07:00","date_gmt":"2025-08-12T14:07:00","guid":{"rendered":"https:\/\/oenobrands.com\/?p=20446"},"modified":"2025-11-06T16:15:12","modified_gmt":"2025-11-06T15:15:12","slug":"oenobrands-au-sitevi-2025","status":"publish","type":"post","link":"https:\/\/oenobrands.com\/fr\/oenobrands-au-sitevi-2025\/","title":{"rendered":"Oenobrands au SITEVI 2025"},"content":{"rendered":"\n<div style=\"height:30px\" aria-hidden=\"true\" class=\"wp-block-spacer\"><\/div>\n\n\n\n<p class=\"has-text-align-center has-text-color has-link-color wp-elements-f77b0aed56dfc84e29518a44f6eb7cb6\" style=\"color:#aed000\"><em><strong><mark style=\"background-color:#aed000\" class=\"has-inline-color\">Deux temps forts au SITEVI pour d\u00e9couvrir les innovations Oenobrands.<\/mark><\/strong><\/em><\/p>\n\n\n\n<div style=\"height:30px\" aria-hidden=\"true\" class=\"wp-block-spacer\"><\/div>\n\n\n\n<div class=\"wp-block-columns is-layout-flex wp-container-core-columns-is-layout-9d6595d7 wp-block-columns-is-layout-flex\">\n<div class=\"wp-block-column is-layout-flow wp-block-column-is-layout-flow\" style=\"flex-basis:66.66%\">\n<ul class=\"wp-block-list\">\n<li>Le <strong><mark style=\"background-color:#f7f7f7\" class=\"has-inline-color\">mercredi 26 novembre \u00e0 14 h 15<\/mark><\/strong>, R\u00e9mi Schneider, notre responsable R&amp;D, interviendra \u00e0 la <strong>conf\u00e9rence \u201cNoLow et vins frais : de la vinification au produit fini\u201d<\/strong>, avec l&rsquo;Institut fran\u00e7ais de la vigne et du vin. <\/li>\n<\/ul>\n<\/div>\n\n\n\n<div class=\"wp-block-column is-layout-flow wp-block-column-is-layout-flow\" style=\"flex-basis:33.33%\">\n<div class=\"wp-block-buttons is-layout-flex wp-block-buttons-is-layout-flex\">\n<div class=\"wp-block-button\"><a class=\"wp-block-button__link wp-element-button\" href=\"https:\/\/www.sitevi.com\/evenements\/calendrier-des-evenements\/evenement\/NoLow-et-vins-frais-de-la-vinification-au-produit-fini\" target=\"_blank\" rel=\"noreferrer noopener\">Mettre la conf\u00e9rence dans votre agenda<\/a><\/div>\n<\/div>\n<\/div>\n<\/div>\n\n\n\n<div style=\"height:30px\" aria-hidden=\"true\" class=\"wp-block-spacer\"><\/div>\n\n\n\n<ul class=\"wp-block-list\">\n<li>Nous participerons <strong>le <mark style=\"background-color:#f7f7f7\" class=\"has-inline-color\">jeudi 27 novembre<\/mark> <\/strong>au <strong>SITEVI 2025<\/strong> \u00e0 Montpellier sur le <strong>stand VINSEO (A2 B 019)<\/strong>.<\/li>\n<\/ul>\n\n\n\n<p>Cette journ\u00e9e, nous vous accueillerons sur notre stand et vous ferons d\u00e9guster plusieurs <strong>vins illustrant nos derni\u00e8res solutions \u0153nologiques<\/strong> en rapport avec les NoLow, la fermentation malolactique, les ar\u00f4mes thiols, les outils d&rsquo;antioxydation et les protocoles pour c\u00e9pages r\u00e9sistants.<\/p>\n\n\n\n<div style=\"height:50px\" aria-hidden=\"true\" class=\"wp-block-spacer\"><\/div>\n\n\n<div class=\"wp-block-image is-style-rounded\">\n<figure class=\"aligncenter size-large\"><img alt=\"\" loading=\"lazy\" decoding=\"async\" width=\"1024\" height=\"239\" src=\"https:\/\/oenobrands.com\/wp-content\/uploads\/2025\/11\/Oenobrands-sitevi-emailing-1024x239.png\" alt=\"\" class=\"wp-image-20447\" srcset=\"https:\/\/oenobrands.com\/wp-content\/uploads\/2025\/11\/Oenobrands-sitevi-emailing-1024x239.png 1024w, https:\/\/oenobrands.com\/wp-content\/uploads\/2025\/11\/Oenobrands-sitevi-emailing-300x70.png 300w, https:\/\/oenobrands.com\/wp-content\/uploads\/2025\/11\/Oenobrands-sitevi-emailing-768x179.png 768w, https:\/\/oenobrands.com\/wp-content\/uploads\/2025\/11\/Oenobrands-sitevi-emailing.png 1200w\" sizes=\"auto, (max-width: 1024px) 100vw, 1024px\" \/><\/figure>\n<\/div>\n\n\n<div style=\"height:50px\" aria-hidden=\"true\" class=\"wp-block-spacer\"><\/div>\n\n\n\n<p>\ud83d\udc49 Rendez-vous au <strong>Parc des Expositions de Montpellier<\/strong> pour partager un moment d\u2019\u00e9changes autour de l\u2019innovation \u0153nologique.<\/p>\n\n\n\n<div style=\"height:30px\" aria-hidden=\"true\" class=\"wp-block-spacer\"><\/div>\n\n\n\n<hr class=\"wp-block-separator has-text-color has-black-color has-alpha-channel-opacity has-black-background-color has-background is-style-wide\"\/>\n\n\n\n<div class=\"wp-block-buttons is-content-justification-center is-layout-flex wp-container-core-buttons-is-layout-16018d1d wp-block-buttons-is-layout-flex\">\n<div class=\"wp-block-button\"><a class=\"wp-block-button__link wp-element-button\" href=\"https:\/\/oenobrands.com\/fr\/solution\/\">Solutions oenologiques<\/a><\/div>\n\n\n\n<div class=\"wp-block-button\"><a class=\"wp-block-button__link wp-element-button\" href=\"https:\/\/oenobrands.com\/fr\/solution\/fermentation-malolactique\/\">Fermentation malolactique<\/a><\/div>\n\n\n\n<div class=\"wp-block-button\"><a class=\"wp-block-button__link wp-element-button\" href=\"https:\/\/oenobrands.com\/fr\/solution\/aromes-du-vin\/composes-aromatiques-cles\/#thiols\">Ar\u00f4mes thiols<\/a><\/div>\n\n\n\n<div class=\"wp-block-button\"><a class=\"wp-block-button__link wp-element-button\" href=\"https:\/\/oenobrands.com\/fr\/solution\/defauts-oenologiques\/oxydation-des-vins\/\">Protection<\/a><\/div>\n<\/div>\n\n\n\n<div style=\"height:70px\" aria-hidden=\"true\" class=\"wp-block-spacer\"><\/div>\n","protected":false},"excerpt":{"rendered":"<p>Oenobrands participera au SITEVI 2025 \u00e0 Montpellier.<br \/>\nConf\u00e9rence sur les vins NoLow le mercredi 26 et d\u00e9gustations au stand VINSEO (A2 B 019) le jeudi 27 novembre.<br \/>\nVenez d\u00e9couvrir nos nouveaut\u00e9s \u0153nologiques !<\/p>\n","protected":false},"author":3,"featured_media":20473,"comment_status":"closed","ping_status":"closed","sticky":false,"template":"","format":"standard","meta":{"_acf_changed":false,"_seopress_robots_primary_cat":"0","_seopress_titles_title":"","_seopress_titles_desc":"","_seopress_robots_index":"","footnotes":""},"categories":[6,1],"tags":[],"class_list":{"0":"post-20446","1":"post","2":"type-post","3":"status-publish","4":"format-standard","5":"has-post-thumbnail","7":"category-infos","8":"category-news"},"acf":[],"_links":{"self":[{"href":"https:\/\/oenobrands.com\/fr\/wp-json\/wp\/v2\/posts\/20446","targetHints":{"allow":["GET"]}}],"collection":[{"href":"https:\/\/oenobrands.com\/fr\/wp-json\/wp\/v2\/posts"}],"about":[{"href":"https:\/\/oenobrands.com\/fr\/wp-json\/wp\/v2\/types\/post"}],"author":[{"embeddable":true,"href":"https:\/\/oenobrands.com\/fr\/wp-json\/wp\/v2\/users\/3"}],"replies":[{"embeddable":true,"href":"https:\/\/oenobrands.com\/fr\/wp-json\/wp\/v2\/comments?post=20446"}],"version-history":[{"count":0,"href":"https:\/\/oenobrands.com\/fr\/wp-json\/wp\/v2\/posts\/20446\/revisions"}],"wp:featuredmedia":[{"embeddable":true,"href":"https:\/\/oenobrands.com\/fr\/wp-json\/wp\/v2\/media\/20473"}],"wp:attachment":[{"href":"https:\/\/oenobrands.com\/fr\/wp-json\/wp\/v2\/media?parent=20446"}],"wp:term":[{"taxonomy":"category","embeddable":true,"href":"https:\/\/oenobrands.com\/fr\/wp-json\/wp\/v2\/categories?post=20446"},{"taxonomy":"post_tag","embeddable":true,"href":"https:\/\/oenobrands.com\/fr\/wp-json\/wp\/v2\/tags?post=20446"}],"curies":[{"name":"wp","href":"https:\/\/api.w.org\/{rel}","templated":true}]}}